{"id":15496,"date":"2026-01-26T15:30:11","date_gmt":"2026-01-26T14:30:11","guid":{"rendered":"https:\/\/www.maritimbarcelona.org\/regata-inversa-del-rcmb-2026\/"},"modified":"2026-01-26T15:30:11","modified_gmt":"2026-01-26T14:30:11","slug":"regata-inversa-del-rcmb-2026","status":"publish","type":"post","link":"https:\/\/www.maritimbarcelona.org\/es\/regata-inversa-del-rcmb-2026\/","title":{"rendered":"Regata Inversa del RCMB 2026"},"content":{"rendered":"\n<p>Ayer, domingo 25 de enero, se celebr\u00f3 la Regata Inversa, organizada por el Reial Club Mar\u00edtim de Barcelona, una prueba singular caracterizada por un formato de competici\u00f3n diferente. Las embarcaciones tomaron la salida de forma escalonada, aplicando el coeficiente de tiempo ORC de cada barco, con llegadas a tiempo real. <\/p>\n\n<p>La jornada estuvo marcada por unas condiciones meteorol\u00f3gicas exigentes. El viento de oeste sopl\u00f3 con intensidad, con una media de 23 nudos y rachas que alcanzaron los 30 nudos, convirtiendo la regata en un reto t\u00e9cnico y f\u00edsico para toda la flota. A pesar de la fuerza del viento, el estado moderado del oleaje permiti\u00f3 una navegaci\u00f3n dura pero relativamente c\u00f3moda.  <\/p>\n\n<p>La regata puso a prueba la experiencia y la capacidad de resistencia de las tripulaciones. Aproximadamente la mitad de las embarcaciones participantes se vieron obligadas a retirarse, mientras que el resto logr\u00f3 completar el recorrido y cruzar la l\u00ednea de meta tras una intensa lucha en el mar. <\/p>\n\n<p>El Reial Club Mar\u00edtim de Barcelona felicita a todos los participantes por su esfuerzo, determinaci\u00f3n y capacidad para afrontar unas condiciones realmente extremas.<\/p>\n\n<p>Clasificaci\u00f3n final<br\/>1.\u00ba clasificado: Badufa Tres \u2013 Armador: Santiago P\u00e9rez Verdeguer<br\/>2.\u00ba clasificado: Ona (RCMB) \u2013 Armador: Antonio Masriera<br\/>3.\u00ba clasificado: Blue Carbon \u2013 Armador: Toni Guiu<\/p>\n\n<p><a href=\"https:\/\/maritimbarcelona.sailti.com\/ca\/default\/races\/race?text=LAINVERSA2026-ca\">Resultatos completos aqu\u00ed<\/a><\/p>\n\n<figure class=\"wp-block-image size-large\"><img fetchpriority=\"high\" decoding=\"async\" width=\"768\" height=\"1024\" src=\"https:\/\/www.maritimbarcelona.org\/wp-content\/uploads\/2026\/01\/WhatsApp-Image-2026-01-25-at-21.23.46-768x1024.jpeg\" alt=\"\" class=\"wp-image-15491\" srcset=\"https:\/\/www.maritimbarcelona.org\/wp-content\/uploads\/2026\/01\/WhatsApp-Image-2026-01-25-at-21.23.46-768x1024.jpeg 768w, https:\/\/www.maritimbarcelona.org\/wp-content\/uploads\/2026\/01\/WhatsApp-Image-2026-01-25-at-21.23.46-225x300.jpeg 225w, https:\/\/www.maritimbarcelona.org\/wp-content\/uploads\/2026\/01\/WhatsApp-Image-2026-01-25-at-21.23.46-300x400.jpeg 300w, https:\/\/www.maritimbarcelona.org\/wp-content\/uploads\/2026\/01\/WhatsApp-Image-2026-01-25-at-21.23.46-1152x1536.jpeg 1152w, https:\/\/www.maritimbarcelona.org\/wp-content\/uploads\/2026\/01\/WhatsApp-Image-2026-01-25-at-21.23.46-1536x2048.jpeg 1536w, https:\/\/www.maritimbarcelona.org\/wp-content\/uploads\/2026\/01\/WhatsApp-Image-2026-01-25-at-21.23.46-1320x1760.jpeg 1320w, https:\/\/www.maritimbarcelona.org\/wp-content\/uploads\/2026\/01\/WhatsApp-Image-2026-01-25-at-21.23.46-scaled.jpeg 1920w\" sizes=\"(max-width: 768px) 100vw, 768px\" \/><\/figure>\n","protected":false},"excerpt":{"rendered":"<p>Ayer, domingo 25 de enero, se celebr\u00f3 la Regata Inversa, organizada por el Reial Club Mar\u00edtim de Barcelona, una prueba singular caracterizada por un formato de competici\u00f3n diferente. Las embarcaciones tomaron la salida de forma escalonada, aplicando el coeficiente de tiempo ORC de cada barco, con llegadas a tiempo real. La jornada estuvo marcada por [&hellip;]<\/p>\n","protected":false},"author":9,"featured_media":15490,"comment_status":"closed","ping_status":"closed","sticky":false,"template":"","format":"standard","meta":{"footnotes":""},"categories":[190,187,103,97],"tags":[],"class_list":["post-15496","post","type-post","status-publish","format-standard","has-post-thumbnail","hentry","category-club-es","category-crucero","category-destacadas","category-noticias"],"_links":{"self":[{"href":"https:\/\/www.maritimbarcelona.org\/es\/wp-json\/wp\/v2\/posts\/15496","targetHints":{"allow":["GET"]}}],"collection":[{"href":"https:\/\/www.maritimbarcelona.org\/es\/wp-json\/wp\/v2\/posts"}],"about":[{"href":"https:\/\/www.maritimbarcelona.org\/es\/wp-json\/wp\/v2\/types\/post"}],"author":[{"embeddable":true,"href":"https:\/\/www.maritimbarcelona.org\/es\/wp-json\/wp\/v2\/users\/9"}],"replies":[{"embeddable":true,"href":"https:\/\/www.maritimbarcelona.org\/es\/wp-json\/wp\/v2\/comments?post=15496"}],"version-history":[{"count":1,"href":"https:\/\/www.maritimbarcelona.org\/es\/wp-json\/wp\/v2\/posts\/15496\/revisions"}],"predecessor-version":[{"id":15497,"href":"https:\/\/www.maritimbarcelona.org\/es\/wp-json\/wp\/v2\/posts\/15496\/revisions\/15497"}],"wp:featuredmedia":[{"embeddable":true,"href":"https:\/\/www.maritimbarcelona.org\/es\/wp-json\/wp\/v2\/media\/15490"}],"wp:attachment":[{"href":"https:\/\/www.maritimbarcelona.org\/es\/wp-json\/wp\/v2\/media?parent=15496"}],"wp:term":[{"taxonomy":"category","embeddable":true,"href":"https:\/\/www.maritimbarcelona.org\/es\/wp-json\/wp\/v2\/categories?post=15496"},{"taxonomy":"post_tag","embeddable":true,"href":"https:\/\/www.maritimbarcelona.org\/es\/wp-json\/wp\/v2\/tags?post=15496"}],"curies":[{"name":"wp","href":"https:\/\/api.w.org\/{rel}","templated":true}]}}