{"id":15230,"date":"2025-10-20T17:33:00","date_gmt":"2025-10-20T15:33:00","guid":{"rendered":"https:\/\/www.maritimbarcelona.org\/comida-popular-de-la-escuela-de-vela-para-dar-inicio-a-una-temporada-prometedora\/"},"modified":"2025-10-20T17:33:01","modified_gmt":"2025-10-20T15:33:01","slug":"comida-popular-de-la-escuela-de-vela-para-dar-inicio-a-una-temporada-prometedora","status":"publish","type":"post","link":"https:\/\/www.maritimbarcelona.org\/es\/comida-popular-de-la-escuela-de-vela-para-dar-inicio-a-una-temporada-prometedora\/","title":{"rendered":"Comida popular de la Escuela de Vela para dar inicio a una temporada prometedora"},"content":{"rendered":"\n<h3 class=\"wp-block-heading\"><\/h3>\n\n<p>El pasado s\u00e1bado 18 de octubre, el Real Club Mar\u00edtimo de Barcelona celebr\u00f3 la tradicional comida popular de la Escuela de Vela, un encuentro que reuni\u00f3 a m\u00e1s de 160 personas para dar la bienvenida a la nueva temporada 2025\/26. El acto fue todo un \u00e9xito de participaci\u00f3n y reflej\u00f3 el entusiasmo y el crecimiento constante de esta secci\u00f3n deportiva del Club. <\/p>\n\n<p>Esta nueva temporada llega con buenas cifras y nuevos retos:<\/p>\n\n<ul class=\"wp-block-list\">\n<li>100 ni\u00f1os y ni\u00f1as forman parte del Grupo de Vela Alev\u00edn, Infantil y Juvenil.<\/li>\n\n\n\n<li>M\u00e1s de 50 adultos participan en los programas de vela ligera y crucero.<\/li>\n\n\n\n<li>Se mantienen los proyectos de responsabilidad social, como el programa We Can Sea (WCS), que acerca la vela a personas con discapacidad visual, tanto adultas como infantiles.<\/li>\n\n\n\n<li>Continuamos impulsando, junto al Ayuntamiento de Barcelona, el proyecto \u201cViu la Vela i Esports de Mar\u201d, que permitir\u00e1 que m\u00e1s de 1.000 alumnos descubran el mar y sus valores a trav\u00e9s del deporte.<\/li>\n\n\n\n<li>Los Equipos de Regatas Infantil y Juvenil ya cuentan con m\u00e1s de 20 regatistas activos.<\/li>\n<\/ul>\n\n<p>Durante la jornada se reconoci\u00f3 la gran labor de los 21 t\u00e9cnicos y t\u00e9cnicas que hacen posible el d\u00eda a d\u00eda de la Escuela, as\u00ed como su implicaci\u00f3n en la formaci\u00f3n deportiva y humana de todos los participantes.<\/p>\n\n<p>M\u00e1s que un encuentro, esta comida fue una celebraci\u00f3n colectiva del crecimiento y la vitalidad de la Escuela de Vela del Mar\u00edtimo, que afronta una nueva temporada llena de proyectos, ilusi\u00f3n y valores compartidos.<\/p>\n\n<figure class=\"wp-block-image size-large\"><img fetchpriority=\"high\" decoding=\"async\" width=\"1024\" height=\"768\" src=\"https:\/\/www.maritimbarcelona.org\/wp-content\/uploads\/2025\/10\/WhatsApp-Image-2025-10-20-at-08.54.22-1024x768.jpeg\" alt=\"\" class=\"wp-image-15225\" srcset=\"https:\/\/www.maritimbarcelona.org\/wp-content\/uploads\/2025\/10\/WhatsApp-Image-2025-10-20-at-08.54.22-1024x768.jpeg 1024w, https:\/\/www.maritimbarcelona.org\/wp-content\/uploads\/2025\/10\/WhatsApp-Image-2025-10-20-at-08.54.22-300x225.jpeg 300w, https:\/\/www.maritimbarcelona.org\/wp-content\/uploads\/2025\/10\/WhatsApp-Image-2025-10-20-at-08.54.22-768x576.jpeg 768w, https:\/\/www.maritimbarcelona.org\/wp-content\/uploads\/2025\/10\/WhatsApp-Image-2025-10-20-at-08.54.22-1536x1152.jpeg 1536w, https:\/\/www.maritimbarcelona.org\/wp-content\/uploads\/2025\/10\/WhatsApp-Image-2025-10-20-at-08.54.22-1320x990.jpeg 1320w, https:\/\/www.maritimbarcelona.org\/wp-content\/uploads\/2025\/10\/WhatsApp-Image-2025-10-20-at-08.54.22.jpeg 1600w\" sizes=\"(max-width: 1024px) 100vw, 1024px\" \/><\/figure>\n","protected":false},"excerpt":{"rendered":"<p>El pasado s\u00e1bado 18 de octubre, el Real Club Mar\u00edtimo de Barcelona celebr\u00f3 la tradicional comida popular de la Escuela de Vela, un encuentro que reuni\u00f3 a m\u00e1s de 160 personas para dar la bienvenida a la nueva temporada 2025\/26. El acto fue todo un \u00e9xito de participaci\u00f3n y reflej\u00f3 el entusiasmo y el crecimiento [&hellip;]<\/p>\n","protected":false},"author":9,"featured_media":15228,"comment_status":"closed","ping_status":"closed","sticky":false,"template":"","format":"standard","meta":{"footnotes":""},"categories":[103,97,99],"tags":[],"class_list":["post-15230","post","type-post","status-publish","format-standard","has-post-thumbnail","hentry","category-destacadas","category-noticias","category-vela-es"],"_links":{"self":[{"href":"https:\/\/www.maritimbarcelona.org\/es\/wp-json\/wp\/v2\/posts\/15230","targetHints":{"allow":["GET"]}}],"collection":[{"href":"https:\/\/www.maritimbarcelona.org\/es\/wp-json\/wp\/v2\/posts"}],"about":[{"href":"https:\/\/www.maritimbarcelona.org\/es\/wp-json\/wp\/v2\/types\/post"}],"author":[{"embeddable":true,"href":"https:\/\/www.maritimbarcelona.org\/es\/wp-json\/wp\/v2\/users\/9"}],"replies":[{"embeddable":true,"href":"https:\/\/www.maritimbarcelona.org\/es\/wp-json\/wp\/v2\/comments?post=15230"}],"version-history":[{"count":1,"href":"https:\/\/www.maritimbarcelona.org\/es\/wp-json\/wp\/v2\/posts\/15230\/revisions"}],"predecessor-version":[{"id":15231,"href":"https:\/\/www.maritimbarcelona.org\/es\/wp-json\/wp\/v2\/posts\/15230\/revisions\/15231"}],"wp:featuredmedia":[{"embeddable":true,"href":"https:\/\/www.maritimbarcelona.org\/es\/wp-json\/wp\/v2\/media\/15228"}],"wp:attachment":[{"href":"https:\/\/www.maritimbarcelona.org\/es\/wp-json\/wp\/v2\/media?parent=15230"}],"wp:term":[{"taxonomy":"category","embeddable":true,"href":"https:\/\/www.maritimbarcelona.org\/es\/wp-json\/wp\/v2\/categories?post=15230"},{"taxonomy":"post_tag","embeddable":true,"href":"https:\/\/www.maritimbarcelona.org\/es\/wp-json\/wp\/v2\/tags?post=15230"}],"curies":[{"name":"wp","href":"https:\/\/api.w.org\/{rel}","templated":true}]}}