{"id":14683,"date":"2024-11-12T12:03:00","date_gmt":"2024-11-12T11:03:00","guid":{"rendered":"https:\/\/www.maritimbarcelona.org\/?p=14683"},"modified":"2025-07-28T12:04:43","modified_gmt":"2025-07-28T10:04:43","slug":"presentamos-el-we-can-sea-el-proyecto-mas-inclusivo-de-la-vela","status":"publish","type":"post","link":"https:\/\/www.maritimbarcelona.org\/es\/presentamos-el-we-can-sea-el-proyecto-mas-inclusivo-de-la-vela\/","title":{"rendered":"Presentamos el WE CAN SEA, el proyecto m\u00e1s inclusivo de la vela"},"content":{"rendered":"\n<p>Este fin de semana hemos presentado WE CAN SEA, la actividad inclusiva que pretende ense\u00f1ar la pr\u00e1ctica de la vela a personas con discapacidad visual. Este proyecto se ha hecho realidad en las instalaciones del Real Club Mar\u00edtimo de Barcelona y pretende eliminar las barreras de entrada hacia el deporte n\u00e1utico a las personas con discapacidad visual adaptando todos los recursos para que sea posible la pr\u00e1ctica de la vela.<\/p>\n\n\n\n<p>Se trata de un proyecto pionero y, aunque el Mar\u00edtimo ya ha realizado algunos entrenamientos, esta temporada se ha empezado a realizar de forma regular.<\/p>\n\n\n\n<p>La presentaci\u00f3n estuvo liderada por Lucian Segura, fundador del WE CAN SEA, y Jacob Serra, director de la escuela de vela del Mar\u00edtimo. Ambos pusieron en valor la pr\u00e1ctica de los deportes n\u00e1uticos desde un punto de vista inclusivo: \u00abEl objetivo es que cuando ni\u00f1o con discapacidad visual quiera hacer vela, encuentre en el Mar\u00edtimo su espacio; no s\u00f3lo en el proyecto WE CAN SEA, sino en la vela en general\u00bb.<\/p>\n\n\n\n<p>Presenciaron el acto los protagonistas del WE CAN SEA: navegantes y sus acompa\u00f1antes, quienes se mostraron entusiasmados y satisfechos por haber aprendido la pr\u00e1ctica de la vela en Barcelona.<\/p>\n\n\n\n<p>Aparte, vivimos la cara m\u00e1s solidaria de la masa social del Real Club Mar\u00edtimo de Barcelona, pues acudieron los socios y socias que prestaron sus embarcaciones al inicio del proyecto, contribuyendo a que fuera una realidad. Tambi\u00e9n estuvieron presentes representantes de posibles patrocinadores que quieren apostar por la inclusi\u00f3n en el deporte; concretamente en el WE CAN SEA.<\/p>\n\n\n\n<p>\u00a1Enhorabuena a todos y gracias a los implicados por haberlo hecho posible!<\/p>\n\n\n\n<figure class=\"wp-block-image size-large\"><img fetchpriority=\"high\" decoding=\"async\" width=\"768\" height=\"1024\" src=\"https:\/\/www.maritimbarcelona.org\/wp-content\/uploads\/2024\/11\/WhatsApp-Image-2024-11-11-at-15.45.33-2-768x1024.jpeg\" alt=\"\" class=\"wp-image-13321\" srcset=\"https:\/\/www.maritimbarcelona.org\/wp-content\/uploads\/2024\/11\/WhatsApp-Image-2024-11-11-at-15.45.33-2-768x1024.jpeg 768w, https:\/\/www.maritimbarcelona.org\/wp-content\/uploads\/2024\/11\/WhatsApp-Image-2024-11-11-at-15.45.33-2-225x300.jpeg 225w, https:\/\/www.maritimbarcelona.org\/wp-content\/uploads\/2024\/11\/WhatsApp-Image-2024-11-11-at-15.45.33-2-300x400.jpeg 300w, https:\/\/www.maritimbarcelona.org\/wp-content\/uploads\/2024\/11\/WhatsApp-Image-2024-11-11-at-15.45.33-2-1152x1536.jpeg 1152w, https:\/\/www.maritimbarcelona.org\/wp-content\/uploads\/2024\/11\/WhatsApp-Image-2024-11-11-at-15.45.33-2.jpeg 1200w\" sizes=\"(max-width: 768px) 100vw, 768px\" \/><\/figure>\n","protected":false},"excerpt":{"rendered":"<p>Este fin de semana hemos presentado WE CAN SEA, la actividad inclusiva que pretende ense\u00f1ar la pr\u00e1ctica de la vela a personas con discapacidad visual. Este proyecto se ha hecho realidad en las instalaciones del Real Club Mar\u00edtimo de Barcelona y pretende eliminar las barreras de entrada hacia el deporte n\u00e1utico a las personas con [&hellip;]<\/p>\n","protected":false},"author":9,"featured_media":13308,"comment_status":"closed","ping_status":"closed","sticky":false,"template":"","format":"standard","meta":{"footnotes":""},"categories":[190,103,97,99],"tags":[],"class_list":["post-14683","post","type-post","status-publish","format-standard","has-post-thumbnail","hentry","category-club-es","category-destacadas","category-noticias","category-vela-es"],"_links":{"self":[{"href":"https:\/\/www.maritimbarcelona.org\/es\/wp-json\/wp\/v2\/posts\/14683","targetHints":{"allow":["GET"]}}],"collection":[{"href":"https:\/\/www.maritimbarcelona.org\/es\/wp-json\/wp\/v2\/posts"}],"about":[{"href":"https:\/\/www.maritimbarcelona.org\/es\/wp-json\/wp\/v2\/types\/post"}],"author":[{"embeddable":true,"href":"https:\/\/www.maritimbarcelona.org\/es\/wp-json\/wp\/v2\/users\/9"}],"replies":[{"embeddable":true,"href":"https:\/\/www.maritimbarcelona.org\/es\/wp-json\/wp\/v2\/comments?post=14683"}],"version-history":[{"count":1,"href":"https:\/\/www.maritimbarcelona.org\/es\/wp-json\/wp\/v2\/posts\/14683\/revisions"}],"predecessor-version":[{"id":14685,"href":"https:\/\/www.maritimbarcelona.org\/es\/wp-json\/wp\/v2\/posts\/14683\/revisions\/14685"}],"wp:featuredmedia":[{"embeddable":true,"href":"https:\/\/www.maritimbarcelona.org\/es\/wp-json\/wp\/v2\/media\/13308"}],"wp:attachment":[{"href":"https:\/\/www.maritimbarcelona.org\/es\/wp-json\/wp\/v2\/media?parent=14683"}],"wp:term":[{"taxonomy":"category","embeddable":true,"href":"https:\/\/www.maritimbarcelona.org\/es\/wp-json\/wp\/v2\/categories?post=14683"},{"taxonomy":"post_tag","embeddable":true,"href":"https:\/\/www.maritimbarcelona.org\/es\/wp-json\/wp\/v2\/tags?post=14683"}],"curies":[{"name":"wp","href":"https:\/\/api.w.org\/{rel}","templated":true}]}}