{"id":12100,"date":"2024-01-22T12:12:23","date_gmt":"2024-01-22T11:12:23","guid":{"rendered":"https:\/\/www.maritimbarcelona.org\/celebrada-la-santiago-amat-2023\/"},"modified":"2024-01-22T12:12:24","modified_gmt":"2024-01-22T11:12:24","slug":"celebrada-la-santiago-amat-2023","status":"publish","type":"post","link":"https:\/\/www.maritimbarcelona.org\/es\/celebrada-la-santiago-amat-2023\/","title":{"rendered":"Celebrada la Santiago Amat 2023!"},"content":{"rendered":"\n<p>Este fin de semana hemos vivido la regata Santiago Amat con 43 embarcaciones inscritas y condiciones meteorol\u00f3gicas muy dif\u00edciles, por el poco viento y mucha ola, pero una excelente organizaci\u00f3n que ha permitido celebrar las dos pruebas de la regata.<\/p>\n\n<p>La primera se disputaba el s\u00e1bado: despu\u00e9s de una hora y media de espera, tuvimos las condiciones establecidas optimas para dar pistoletazo de salida. El Comit\u00e9 de Cruceros decidi\u00f3 realizar el recorrido m\u00e1s corto, numeral 1 &#8211; Boia Bes\u00f2s, con cinco millas y media. El Smerit fue primera embarcaci\u00f3n en Tiempo Real.<\/p>\n\n<p>El domingo se esperaba que fuera un d\u00eda dif\u00edcil, puesto que la previsi\u00f3n de viento era 0; pero entr\u00f3 en 180 muy pronto. El comit\u00e9 volvi\u00f3 a decantarse por el recorrido corto, de 5,8 millas, previendo que subir\u00eda la presi\u00f3n si sal\u00eda el sol. Sin embargo, se vivieron unas condiciones muy justas durante la mayor parte de la prueba con 3,5 y 5,5 nudos (en alg\u00fan momento llegamos a 6-7 nudos). La primera embarcaci\u00f3n en Tiempo Real en llegar volvi\u00f3 a ser el Smerit, el cual se proclam\u00f3 ganador absoluto de la Regata Santiago Amat 2023.<\/p>\n\n<p>Durante la tarde vivimos la entrega de premios en un ambiente festivo en la terraza del Club, donde pudimos vivir juntos la clausura de esta m\u00edtica y especial regata Santiago Amat del Mar\u00edtimo que se ha podido celebrar gracias a la insistencia ya la buena planificaci\u00f3n de la organizaci\u00f3n.<\/p>\n\n<p>Queremos destacar no s\u00f3lo el buen ambiente vivido durante todo el fin de semana, sino la paciencia de todas las embarcaciones al aguantar y finalizar las pruebas. \u00a1Enhorabuena a todos ya todas!<\/p>\n\n<p><a href=\"https:\/\/maritimbarcelona.sailti.com\/ca\/default\/races\/race-resultsall\/text\/RegataSantiagoAmat2023-ca\">Resultados haciendo clic<\/a><\/p>\n\n<p><a href=\"https:\/\/www.flickr.com\/photos\/maritimbarcelona\/albums\/72177720312993096\/page4\">Fotograf\u00edas haciendo clic aqu\u00ed<\/a><\/p>\n\n<figure class=\"wp-block-gallery has-nested-images columns-default is-cropped wp-block-gallery-2 is-layout-flex wp-block-gallery-is-layout-flex\">\n<figure class=\"wp-block-image size-large\"><img fetchpriority=\"high\" decoding=\"async\" width=\"1024\" height=\"683\" data-id=\"11975\" src=\"https:\/\/www.maritimbarcelona.org\/wp-content\/uploads\/2023\/11\/LV29327-1024x683.jpg\" alt=\"\" class=\"wp-image-11975\" srcset=\"https:\/\/www.maritimbarcelona.org\/wp-content\/uploads\/2023\/11\/LV29327-1024x683.jpg 1024w, https:\/\/www.maritimbarcelona.org\/wp-content\/uploads\/2023\/11\/LV29327-300x200.jpg 300w, https:\/\/www.maritimbarcelona.org\/wp-content\/uploads\/2023\/11\/LV29327-768x512.jpg 768w, https:\/\/www.maritimbarcelona.org\/wp-content\/uploads\/2023\/11\/LV29327-391x260.jpg 391w, https:\/\/www.maritimbarcelona.org\/wp-content\/uploads\/2023\/11\/LV29327-1536x1025.jpg 1536w, https:\/\/www.maritimbarcelona.org\/wp-content\/uploads\/2023\/11\/LV29327-1320x880.jpg 1320w, https:\/\/www.maritimbarcelona.org\/wp-content\/uploads\/2023\/11\/LV29327.jpg 2000w\" sizes=\"(max-width: 1024px) 100vw, 1024px\" \/><\/figure>\n<\/figure>\n","protected":false},"excerpt":{"rendered":"<p>Este fin de semana hemos vivido la regata Santiago Amat con 43 embarcaciones inscritas y condiciones meteorol\u00f3gicas muy dif\u00edciles, por el poco viento y mucha ola, pero una excelente organizaci\u00f3n que ha permitido celebrar las dos pruebas de la regata. La primera se disputaba el s\u00e1bado: despu\u00e9s de una hora y media de espera, tuvimos [&hellip;]<\/p>\n","protected":false},"author":9,"featured_media":11978,"comment_status":"closed","ping_status":"closed","sticky":false,"template":"","format":"standard","meta":{"footnotes":""},"categories":[190,187,103,97],"tags":[],"class_list":["post-12100","post","type-post","status-publish","format-standard","has-post-thumbnail","hentry","category-club-es","category-crucero","category-destacadas","category-noticias"],"_links":{"self":[{"href":"https:\/\/www.maritimbarcelona.org\/es\/wp-json\/wp\/v2\/posts\/12100","targetHints":{"allow":["GET"]}}],"collection":[{"href":"https:\/\/www.maritimbarcelona.org\/es\/wp-json\/wp\/v2\/posts"}],"about":[{"href":"https:\/\/www.maritimbarcelona.org\/es\/wp-json\/wp\/v2\/types\/post"}],"author":[{"embeddable":true,"href":"https:\/\/www.maritimbarcelona.org\/es\/wp-json\/wp\/v2\/users\/9"}],"replies":[{"embeddable":true,"href":"https:\/\/www.maritimbarcelona.org\/es\/wp-json\/wp\/v2\/comments?post=12100"}],"version-history":[{"count":1,"href":"https:\/\/www.maritimbarcelona.org\/es\/wp-json\/wp\/v2\/posts\/12100\/revisions"}],"predecessor-version":[{"id":12101,"href":"https:\/\/www.maritimbarcelona.org\/es\/wp-json\/wp\/v2\/posts\/12100\/revisions\/12101"}],"wp:featuredmedia":[{"embeddable":true,"href":"https:\/\/www.maritimbarcelona.org\/es\/wp-json\/wp\/v2\/media\/11978"}],"wp:attachment":[{"href":"https:\/\/www.maritimbarcelona.org\/es\/wp-json\/wp\/v2\/media?parent=12100"}],"wp:term":[{"taxonomy":"category","embeddable":true,"href":"https:\/\/www.maritimbarcelona.org\/es\/wp-json\/wp\/v2\/categories?post=12100"},{"taxonomy":"post_tag","embeddable":true,"href":"https:\/\/www.maritimbarcelona.org\/es\/wp-json\/wp\/v2\/tags?post=12100"}],"curies":[{"name":"wp","href":"https:\/\/api.w.org\/{rel}","templated":true}]}}