{"id":12098,"date":"2024-01-22T12:02:04","date_gmt":"2024-01-22T11:02:04","guid":{"rendered":"https:\/\/www.maritimbarcelona.org\/celebrada-la-regata-reyes\/"},"modified":"2024-06-13T15:03:42","modified_gmt":"2024-06-13T13:03:42","slug":"celebrada-la-regata-reyes","status":"publish","type":"post","link":"https:\/\/www.maritimbarcelona.org\/es\/celebrada-la-regata-reyes\/","title":{"rendered":"Celebrada la Regata Reyes!"},"content":{"rendered":"\n<p>El domingo 14 de enero el Real Club Mar\u00edtimo de Barcelona celebr\u00f3 la regata de reyes, con 59 embaraciones de siete clubs distintos.<\/p>\n\n<p>La jornada inici\u00f3 en las instalaciones del Club, disfrutando del tradicional rosc\u00f3n de reyes por la ma\u00f1ana. El viento inestable y rol\u00f3n, al inicio el Comit\u00e9 de Regatas, aplaz\u00f3 para recolocar el Campo de Regatas para a continuaci\u00f3n dar disparo a las 4 salidas, una para cada grupo de clasificaci\u00f3n.<\/p>\n\n<p>Luego el viento baj\u00f3 y se qued\u00f3 la flota encalmada hasta que entr\u00f3 un viento flojo de componente sur suroeste.; que combinado con una corriente muy fuerte de sur, hizo que las embarcaci<a><\/a>ones que fueron por tierra dominaran la prueba.<\/p>\n\n<p>El comit\u00e9 decidi\u00f3 acortar el recorrido en la boya de Garb\u00ed y de esta forma todas las embarcaciones pudieron terminar la prueba. Por \u00faltimo se entregaron los premios al Mar\u00edtimo.<\/p>\n\n<p>Desde estas l\u00edneas felicitamos a todo el equipo t\u00e9cnico y muy especialmente a la Seny porque consiguieron que se hiciera la regata en unas condiciones muy dif\u00edciles.<\/p>\n\n<p>La pr\u00f3xima regata ser\u00e1 La inversa y se celebrar\u00e1 el 27 de enero.<\/p>\n\n<p>Consulta resultados en: <a href=\"https:\/\/maritimbarcelona.sailti.com\/ca\/default\/races\/race-resultsall\/text\/regata-reis-2024-ca\/menuaction\/race?fbclid=IwAR2CEQ4gxrtHNxvCNr5PKO1JT-eQRhM5bR3l1XLEcaMCM_2nvjFgBNcdM1Y\" rel=\"noreferrer noopener\" target=\"_blank\">https:\/\/maritimbarcelona.sailti.com\/&#8230;\/menuaction\/race<\/a><\/p>\n\n<figure class=\"wp-block-image size-large\"><img fetchpriority=\"high\" decoding=\"async\" width=\"1024\" height=\"1024\" src=\"https:\/\/www.maritimbarcelona.org\/wp-content\/uploads\/2024\/01\/419717166_887419843180543_2036097814088165431_n-1-1024x1024.jpg\" alt=\"\" class=\"wp-image-12093\" srcset=\"https:\/\/www.maritimbarcelona.org\/wp-content\/uploads\/2024\/01\/419717166_887419843180543_2036097814088165431_n-1-1024x1024.jpg 1024w, https:\/\/www.maritimbarcelona.org\/wp-content\/uploads\/2024\/01\/419717166_887419843180543_2036097814088165431_n-1-300x300.jpg 300w, https:\/\/www.maritimbarcelona.org\/wp-content\/uploads\/2024\/01\/419717166_887419843180543_2036097814088165431_n-1-150x150.jpg 150w, https:\/\/www.maritimbarcelona.org\/wp-content\/uploads\/2024\/01\/419717166_887419843180543_2036097814088165431_n-1-768x768.jpg 768w, https:\/\/www.maritimbarcelona.org\/wp-content\/uploads\/2024\/01\/419717166_887419843180543_2036097814088165431_n-1-500x500.jpg 500w, https:\/\/www.maritimbarcelona.org\/wp-content\/uploads\/2024\/01\/419717166_887419843180543_2036097814088165431_n-1.jpg 1066w\" sizes=\"(max-width: 1024px) 100vw, 1024px\" \/><\/figure>\n","protected":false},"excerpt":{"rendered":"<p>El domingo 14 de enero el Real Club Mar\u00edtimo de Barcelona celebr\u00f3 la regata de reyes, con 59 embaraciones de siete clubs distintos. La jornada inici\u00f3 en las instalaciones del Club, disfrutando del tradicional rosc\u00f3n de reyes por la ma\u00f1ana. El viento inestable y rol\u00f3n, al inicio el Comit\u00e9 de Regatas, aplaz\u00f3 para recolocar el [&hellip;]<\/p>\n","protected":false},"author":9,"featured_media":12092,"comment_status":"closed","ping_status":"closed","sticky":false,"template":"","format":"standard","meta":{"footnotes":""},"categories":[187,103,97],"tags":[],"class_list":["post-12098","post","type-post","status-publish","format-standard","has-post-thumbnail","hentry","category-crucero","category-destacadas","category-noticias"],"_links":{"self":[{"href":"https:\/\/www.maritimbarcelona.org\/es\/wp-json\/wp\/v2\/posts\/12098","targetHints":{"allow":["GET"]}}],"collection":[{"href":"https:\/\/www.maritimbarcelona.org\/es\/wp-json\/wp\/v2\/posts"}],"about":[{"href":"https:\/\/www.maritimbarcelona.org\/es\/wp-json\/wp\/v2\/types\/post"}],"author":[{"embeddable":true,"href":"https:\/\/www.maritimbarcelona.org\/es\/wp-json\/wp\/v2\/users\/9"}],"replies":[{"embeddable":true,"href":"https:\/\/www.maritimbarcelona.org\/es\/wp-json\/wp\/v2\/comments?post=12098"}],"version-history":[{"count":1,"href":"https:\/\/www.maritimbarcelona.org\/es\/wp-json\/wp\/v2\/posts\/12098\/revisions"}],"predecessor-version":[{"id":12099,"href":"https:\/\/www.maritimbarcelona.org\/es\/wp-json\/wp\/v2\/posts\/12098\/revisions\/12099"}],"wp:featuredmedia":[{"embeddable":true,"href":"https:\/\/www.maritimbarcelona.org\/es\/wp-json\/wp\/v2\/media\/12092"}],"wp:attachment":[{"href":"https:\/\/www.maritimbarcelona.org\/es\/wp-json\/wp\/v2\/media?parent=12098"}],"wp:term":[{"taxonomy":"category","embeddable":true,"href":"https:\/\/www.maritimbarcelona.org\/es\/wp-json\/wp\/v2\/categories?post=12098"},{"taxonomy":"post_tag","embeddable":true,"href":"https:\/\/www.maritimbarcelona.org\/es\/wp-json\/wp\/v2\/tags?post=12098"}],"curies":[{"name":"wp","href":"https:\/\/api.w.org\/{rel}","templated":true}]}}