{"id":11762,"date":"2023-10-16T13:21:27","date_gmt":"2023-10-16T11:21:27","guid":{"rendered":"https:\/\/www.maritimbarcelona.org\/la-maritim-soller-2023-una-edicion-condicionada-por-el-poco-viento\/"},"modified":"2023-10-16T13:21:28","modified_gmt":"2023-10-16T11:21:28","slug":"la-maritim-soller-2023-una-edicion-condicionada-por-el-poco-viento","status":"publish","type":"post","link":"https:\/\/www.maritimbarcelona.org\/es\/la-maritim-soller-2023-una-edicion-condicionada-por-el-poco-viento\/","title":{"rendered":"La Mar\u00edtim S\u00f3ller 2023: una edici\u00f3n condicionada por el poco viento"},"content":{"rendered":"\t\t<div data-elementor-type=\"wp-post\" data-elementor-id=\"11762\" class=\"elementor elementor-11762 elementor-11695\" data-elementor-post-type=\"post\">\n\t\t\t\t\t\t<section class=\"ob-is-breaking-bad elementor-section elementor-top-section elementor-element elementor-element-ebb20e3 elementor-section-boxed elementor-section-height-default elementor-section-height-default\" data-id=\"ebb20e3\" data-element_type=\"section\" data-e-type=\"section\" data-settings=\"{&quot;_ob_bbad_use_it&quot;:&quot;yes&quot;,&quot;_ob_bbad_sssic_use&quot;:&quot;no&quot;,&quot;_ob_glider_is_slider&quot;:&quot;no&quot;}\">\n\t\t\t\t\t\t<div class=\"elementor-container elementor-column-gap-default\">\n\t\t\t\t\t<div class=\"elementor-column elementor-col-100 elementor-top-column elementor-element elementor-element-e64da57\" data-id=\"e64da57\" data-element_type=\"column\" data-e-type=\"column\" data-settings=\"{&quot;_ob_bbad_is_stalker&quot;:&quot;no&quot;,&quot;_ob_teleporter_use&quot;:false,&quot;_ob_column_hoveranimator&quot;:&quot;no&quot;,&quot;_ob_column_has_pseudo&quot;:&quot;no&quot;}\">\n\t\t\t<div class=\"elementor-widget-wrap elementor-element-populated\">\n\t\t\t\t\t\t<div class=\"elementor-element elementor-element-aab7c01 ob-harakiri-inherit ob-has-background-overlay elementor-widget elementor-widget-text-editor\" data-id=\"aab7c01\" data-element_type=\"widget\" data-e-type=\"widget\" data-settings=\"{&quot;_ob_use_harakiri&quot;:&quot;yes&quot;,&quot;_ob_harakiri_writing_mode&quot;:&quot;inherit&quot;,&quot;_ob_postman_use&quot;:&quot;no&quot;,&quot;_ob_perspektive_use&quot;:&quot;no&quot;,&quot;_ob_poopart_use&quot;:&quot;yes&quot;,&quot;_ob_shadough_use&quot;:&quot;no&quot;,&quot;_ob_allow_hoveranimator&quot;:&quot;no&quot;,&quot;_ob_widget_stalker_use&quot;:&quot;no&quot;}\" data-widget_type=\"text-editor.default\">\n\t\t\t\t<div class=\"elementor-widget-container\">\n\t\t\t\t\t\t\t\t\t<p><strong><em>La Regata Mar\u00edtim-S\u00f3ller organizada por el Real Club Mar\u00edtimo de Barcelona con la colaboraci\u00f3n de la Federaci\u00f3n Catalana de Vela se ha celebrado durante estos d\u00edas con unas condiciones muy especiales debido al poco (o nada) viento durante la mayor parte de la regata.<\/em><\/strong><\/p>\n<p>El jueves por la ma\u00f1ana se respiraba un ambiente en el Mar\u00edtimo diferente, ya que los tripulantes participantes en la regata se preparaban para vivir la traves\u00eda estrella del Club: la Mar\u00edtim S\u00f3ller. Despu\u00e9s de un desayuno todos juntos y de la reuni\u00f3n de patrones, los barcos sal\u00edan del club para dar paso a la salida. Tras esperar unos minutos debido al poco viento, finalmente se dio el pistoletazo de salida a las doce del mediod\u00eda.<\/p>\n<p>Pero el momento m\u00e1s dif\u00edcil de la regata ocurri\u00f3 la noche del jueves al viernes por esta condici\u00f3n: no hab\u00eda viento y sufr\u00edan corriendo en contra, el cual hac\u00eda que los barcos fueran atr\u00e1s. El viernes, por fin, ya sopl\u00f3 viento y conllev\u00f3 que el tramo final hasta S\u00f3ller fuera ameno e incluso emocionante despu\u00e9s de una noche muy larga.<\/p>\n<p>La extensi\u00f3n del tiempo l\u00edmite con el factor 1,5 fue un acierto para que la mayor parte de la flota pudiera llegar. Las \u00faltimas embarcaciones entraron justo antes las 10h del s\u00e1bado, hora l\u00edmite, cerca de 46 horas de regata. Queremos reconocer el esfuerzo de todos los participantes en esta edici\u00f3n tan complicada, por la fortaleza y la paciencia demostrada durante toda la regata.<\/p>\n<p>Finalmente se hizo la entrega premios en el restaurante Ses Oliveres, donde los participantes disfrutaron del apreciado arroz sucio mallorqu\u00edn. Fue una jornada muy emotiva, donde aparte de entregar los premios a los ganadores, se reconocieron los agradecimientos a los colaboradores. Aparte, vamos a contar con la presencia de representantes del Ayuntamiento de S\u00f3ller y de la base militar de S\u00f3ller.<\/p>\n<p>Gracias a las entidades que nos han ayudado a hacerlo posible: Ayuntamiento de S\u00f3ller, Armada, Asociaci\u00f3n de Regatistas Altura del Mediterr\u00e1neo, Puertos IB y Marina Tramontana.<\/p>\n<p>Y agradecemos tambi\u00e9n el apoyo de nuestros colaboradores: BSN, Obras Vivas, Hempel y Ses Oliveres.<\/p>\n<p>\u00a1Hasta el pr\u00f3ximo a\u00f1o!<\/p>\n<p><a href=\"https:\/\/www.flickr.com\/photos\/maritimbarcelona\/albums\/72177720311951100\" data-type=\"link\" data-id=\"https:\/\/www.flickr.com\/photos\/maritimbarcelona\/albums\/72177720311951100\">F<b><u>otograf\u00edas a haciendo clic aqu\u00ed<\/u><\/b><\/a><\/p>\t\t\t\t\t\t\t\t<\/div>\n\t\t\t\t<\/div>\n\t\t\t\t\t<\/div>\n\t\t<\/div>\n\t\t\t\t\t<\/div>\n\t\t<\/section>\n\t\t\t\t<section class=\"ob-is-breaking-bad elementor-section elementor-top-section elementor-element elementor-element-31e0975 elementor-section-boxed elementor-section-height-default elementor-section-height-default\" data-id=\"31e0975\" data-element_type=\"section\" data-e-type=\"section\" data-settings=\"{&quot;_ob_bbad_use_it&quot;:&quot;yes&quot;,&quot;_ob_bbad_sssic_use&quot;:&quot;no&quot;,&quot;_ob_glider_is_slider&quot;:&quot;no&quot;}\">\n\t\t\t\t\t\t<div class=\"elementor-container elementor-column-gap-default\">\n\t\t\t\t\t<div class=\"elementor-column elementor-col-100 elementor-top-column elementor-element elementor-element-fdeccf9\" data-id=\"fdeccf9\" data-element_type=\"column\" data-e-type=\"column\" data-settings=\"{&quot;_ob_bbad_is_stalker&quot;:&quot;no&quot;,&quot;_ob_teleporter_use&quot;:false,&quot;_ob_column_hoveranimator&quot;:&quot;no&quot;,&quot;_ob_column_has_pseudo&quot;:&quot;no&quot;}\">\n\t\t\t<div class=\"elementor-widget-wrap elementor-element-populated\">\n\t\t\t\t\t\t<div class=\"elementor-element elementor-element-431f3a1 ob-has-background-overlay elementor-widget elementor-widget-gallery\" data-id=\"431f3a1\" data-element_type=\"widget\" data-e-type=\"widget\" data-settings=\"{&quot;lazyload&quot;:&quot;yes&quot;,&quot;gallery_layout&quot;:&quot;grid&quot;,&quot;columns&quot;:4,&quot;columns_tablet&quot;:2,&quot;columns_mobile&quot;:1,&quot;gap&quot;:{&quot;unit&quot;:&quot;px&quot;,&quot;size&quot;:10,&quot;sizes&quot;:[]},&quot;gap_tablet&quot;:{&quot;unit&quot;:&quot;px&quot;,&quot;size&quot;:10,&quot;sizes&quot;:[]},&quot;gap_mobile&quot;:{&quot;unit&quot;:&quot;px&quot;,&quot;size&quot;:10,&quot;sizes&quot;:[]},&quot;link_to&quot;:&quot;file&quot;,&quot;aspect_ratio&quot;:&quot;3:2&quot;,&quot;overlay_background&quot;:&quot;yes&quot;,&quot;content_hover_animation&quot;:&quot;fade-in&quot;,&quot;_ob_perspektive_use&quot;:&quot;no&quot;,&quot;_ob_poopart_use&quot;:&quot;yes&quot;,&quot;_ob_shadough_use&quot;:&quot;no&quot;,&quot;_ob_allow_hoveranimator&quot;:&quot;no&quot;,&quot;_ob_widget_stalker_use&quot;:&quot;no&quot;}\" data-widget_type=\"gallery.default\">\n\t\t\t\t<div class=\"elementor-widget-container\">\n\t\t\t\t\t\t\t<div class=\"elementor-gallery__container\">\n\t\t\t\t\t\t\t<a class=\"e-gallery-item elementor-gallery-item elementor-animated-content\" href=\"https:\/\/www.maritimbarcelona.org\/wp-content\/uploads\/2023\/10\/DSC6859-scaled.jpg\" data-elementor-open-lightbox=\"yes\" data-elementor-lightbox-slideshow=\"431f3a1\" data-elementor-lightbox-title=\"_DSC6859\" data-e-action-hash=\"#elementor-action%3Aaction%3Dlightbox%26settings%3DeyJpZCI6MTE3MTMsInVybCI6Imh0dHBzOlwvXC93d3cubWFyaXRpbWJhcmNlbG9uYS5vcmdcL3dwLWNvbnRlbnRcL3VwbG9hZHNcLzIwMjNcLzEwXC9EU0M2ODU5LXNjYWxlZC5qcGciLCJzbGlkZXNob3ciOiI0MzFmM2ExIn0%3D\">\n\t\t\t\t\t<div class=\"e-gallery-image elementor-gallery-item__image\" data-thumbnail=\"https:\/\/www.maritimbarcelona.org\/wp-content\/uploads\/2023\/10\/DSC6859-300x200.jpg\" data-width=\"300\" data-height=\"200\" aria-label=\"\" role=\"img\" ><\/div>\n\t\t\t\t\t\t\t\t\t\t\t<div class=\"elementor-gallery-item__overlay\"><\/div>\n\t\t\t\t\t\t\t\t\t\t\t\t\t\t<\/a>\n\t\t\t\t\t\t\t<a class=\"e-gallery-item elementor-gallery-item elementor-animated-content\" href=\"https:\/\/www.maritimbarcelona.org\/wp-content\/uploads\/2023\/10\/DSC6938-scaled.jpg\" data-elementor-open-lightbox=\"yes\" data-elementor-lightbox-slideshow=\"431f3a1\" data-elementor-lightbox-title=\"_DSC6938\" data-e-action-hash=\"#elementor-action%3Aaction%3Dlightbox%26settings%3DeyJpZCI6MTE3MjEsInVybCI6Imh0dHBzOlwvXC93d3cubWFyaXRpbWJhcmNlbG9uYS5vcmdcL3dwLWNvbnRlbnRcL3VwbG9hZHNcLzIwMjNcLzEwXC9EU0M2OTM4LXNjYWxlZC5qcGciLCJzbGlkZXNob3ciOiI0MzFmM2ExIn0%3D\">\n\t\t\t\t\t<div class=\"e-gallery-image elementor-gallery-item__image\" data-thumbnail=\"https:\/\/www.maritimbarcelona.org\/wp-content\/uploads\/2023\/10\/DSC6938-300x200.jpg\" data-width=\"300\" data-height=\"200\" aria-label=\"\" role=\"img\" ><\/div>\n\t\t\t\t\t\t\t\t\t\t\t<div class=\"elementor-gallery-item__overlay\"><\/div>\n\t\t\t\t\t\t\t\t\t\t\t\t\t\t<\/a>\n\t\t\t\t\t\t\t<a class=\"e-gallery-item elementor-gallery-item elementor-animated-content\" href=\"https:\/\/www.maritimbarcelona.org\/wp-content\/uploads\/2023\/10\/DSC6885-scaled.jpg\" data-elementor-open-lightbox=\"yes\" data-elementor-lightbox-slideshow=\"431f3a1\" data-elementor-lightbox-title=\"_DSC6885\" data-e-action-hash=\"#elementor-action%3Aaction%3Dlightbox%26settings%3DeyJpZCI6MTE2ODQsInVybCI6Imh0dHBzOlwvXC93d3cubWFyaXRpbWJhcmNlbG9uYS5vcmdcL3dwLWNvbnRlbnRcL3VwbG9hZHNcLzIwMjNcLzEwXC9EU0M2ODg1LXNjYWxlZC5qcGciLCJzbGlkZXNob3ciOiI0MzFmM2ExIn0%3D\">\n\t\t\t\t\t<div class=\"e-gallery-image elementor-gallery-item__image\" data-thumbnail=\"https:\/\/www.maritimbarcelona.org\/wp-content\/uploads\/2023\/10\/DSC6885-300x200.jpg\" data-width=\"300\" data-height=\"200\" aria-label=\"\" role=\"img\" ><\/div>\n\t\t\t\t\t\t\t\t\t\t\t<div class=\"elementor-gallery-item__overlay\"><\/div>\n\t\t\t\t\t\t\t\t\t\t\t\t\t\t<\/a>\n\t\t\t\t\t\t\t<a class=\"e-gallery-item elementor-gallery-item elementor-animated-content\" href=\"https:\/\/www.maritimbarcelona.org\/wp-content\/uploads\/2023\/10\/DSC8907-scaled.jpg\" data-elementor-open-lightbox=\"yes\" data-elementor-lightbox-slideshow=\"431f3a1\" data-elementor-lightbox-title=\"_DSC8907\" data-e-action-hash=\"#elementor-action%3Aaction%3Dlightbox%26settings%3DeyJpZCI6MTE3MjksInVybCI6Imh0dHBzOlwvXC93d3cubWFyaXRpbWJhcmNlbG9uYS5vcmdcL3dwLWNvbnRlbnRcL3VwbG9hZHNcLzIwMjNcLzEwXC9EU0M4OTA3LXNjYWxlZC5qcGciLCJzbGlkZXNob3ciOiI0MzFmM2ExIn0%3D\">\n\t\t\t\t\t<div class=\"e-gallery-image elementor-gallery-item__image\" data-thumbnail=\"https:\/\/www.maritimbarcelona.org\/wp-content\/uploads\/2023\/10\/DSC8907-300x200.jpg\" data-width=\"300\" data-height=\"200\" aria-label=\"\" role=\"img\" ><\/div>\n\t\t\t\t\t\t\t\t\t\t\t<div class=\"elementor-gallery-item__overlay\"><\/div>\n\t\t\t\t\t\t\t\t\t\t\t\t\t\t<\/a>\n\t\t\t\t\t\t\t<a class=\"e-gallery-item elementor-gallery-item elementor-animated-content\" href=\"https:\/\/www.maritimbarcelona.org\/wp-content\/uploads\/2023\/10\/DSC8859-scaled.jpg\" data-elementor-open-lightbox=\"yes\" data-elementor-lightbox-slideshow=\"431f3a1\" data-elementor-lightbox-title=\"_DSC8859\" data-e-action-hash=\"#elementor-action%3Aaction%3Dlightbox%26settings%3DeyJpZCI6MTE3MzcsInVybCI6Imh0dHBzOlwvXC93d3cubWFyaXRpbWJhcmNlbG9uYS5vcmdcL3dwLWNvbnRlbnRcL3VwbG9hZHNcLzIwMjNcLzEwXC9EU0M4ODU5LXNjYWxlZC5qcGciLCJzbGlkZXNob3ciOiI0MzFmM2ExIn0%3D\">\n\t\t\t\t\t<div class=\"e-gallery-image elementor-gallery-item__image\" data-thumbnail=\"https:\/\/www.maritimbarcelona.org\/wp-content\/uploads\/2023\/10\/DSC8859-300x200.jpg\" data-width=\"300\" data-height=\"200\" aria-label=\"\" role=\"img\" ><\/div>\n\t\t\t\t\t\t\t\t\t\t\t<div class=\"elementor-gallery-item__overlay\"><\/div>\n\t\t\t\t\t\t\t\t\t\t\t\t\t\t<\/a>\n\t\t\t\t\t\t\t<a class=\"e-gallery-item elementor-gallery-item elementor-animated-content\" href=\"https:\/\/www.maritimbarcelona.org\/wp-content\/uploads\/2023\/10\/DSC9016-scaled.jpg\" data-elementor-open-lightbox=\"yes\" data-elementor-lightbox-slideshow=\"431f3a1\" data-elementor-lightbox-title=\"_DSC9016\" data-e-action-hash=\"#elementor-action%3Aaction%3Dlightbox%26settings%3DeyJpZCI6MTE3NDUsInVybCI6Imh0dHBzOlwvXC93d3cubWFyaXRpbWJhcmNlbG9uYS5vcmdcL3dwLWNvbnRlbnRcL3VwbG9hZHNcLzIwMjNcLzEwXC9EU0M5MDE2LXNjYWxlZC5qcGciLCJzbGlkZXNob3ciOiI0MzFmM2ExIn0%3D\">\n\t\t\t\t\t<div class=\"e-gallery-image elementor-gallery-item__image\" data-thumbnail=\"https:\/\/www.maritimbarcelona.org\/wp-content\/uploads\/2023\/10\/DSC9016-300x200.jpg\" data-width=\"300\" data-height=\"200\" aria-label=\"\" role=\"img\" ><\/div>\n\t\t\t\t\t\t\t\t\t\t\t<div class=\"elementor-gallery-item__overlay\"><\/div>\n\t\t\t\t\t\t\t\t\t\t\t\t\t\t<\/a>\n\t\t\t\t\t\t\t<a class=\"e-gallery-item elementor-gallery-item elementor-animated-content\" href=\"https:\/\/www.maritimbarcelona.org\/wp-content\/uploads\/2023\/10\/DSC9075-scaled.jpg\" data-elementor-open-lightbox=\"yes\" data-elementor-lightbox-slideshow=\"431f3a1\" data-elementor-lightbox-title=\"_DSC9075\" data-e-action-hash=\"#elementor-action%3Aaction%3Dlightbox%26settings%3DeyJpZCI6MTE3NDksInVybCI6Imh0dHBzOlwvXC93d3cubWFyaXRpbWJhcmNlbG9uYS5vcmdcL3dwLWNvbnRlbnRcL3VwbG9hZHNcLzIwMjNcLzEwXC9EU0M5MDc1LXNjYWxlZC5qcGciLCJzbGlkZXNob3ciOiI0MzFmM2ExIn0%3D\">\n\t\t\t\t\t<div class=\"e-gallery-image elementor-gallery-item__image\" data-thumbnail=\"https:\/\/www.maritimbarcelona.org\/wp-content\/uploads\/2023\/10\/DSC9075-300x200.jpg\" data-width=\"300\" data-height=\"200\" aria-label=\"\" role=\"img\" ><\/div>\n\t\t\t\t\t\t\t\t\t\t\t<div class=\"elementor-gallery-item__overlay\"><\/div>\n\t\t\t\t\t\t\t\t\t\t\t\t\t\t<\/a>\n\t\t\t\t\t\t\t<a class=\"e-gallery-item elementor-gallery-item elementor-animated-content\" href=\"https:\/\/www.maritimbarcelona.org\/wp-content\/uploads\/2023\/10\/DSC9165-scaled.jpg\" data-elementor-open-lightbox=\"yes\" data-elementor-lightbox-slideshow=\"431f3a1\" data-elementor-lightbox-title=\"_DSC9165\" data-e-action-hash=\"#elementor-action%3Aaction%3Dlightbox%26settings%3DeyJpZCI6MTE3NTMsInVybCI6Imh0dHBzOlwvXC93d3cubWFyaXRpbWJhcmNlbG9uYS5vcmdcL3dwLWNvbnRlbnRcL3VwbG9hZHNcLzIwMjNcLzEwXC9EU0M5MTY1LXNjYWxlZC5qcGciLCJzbGlkZXNob3ciOiI0MzFmM2ExIn0%3D\">\n\t\t\t\t\t<div class=\"e-gallery-image elementor-gallery-item__image\" data-thumbnail=\"https:\/\/www.maritimbarcelona.org\/wp-content\/uploads\/2023\/10\/DSC9165-300x200.jpg\" data-width=\"300\" data-height=\"200\" aria-label=\"\" role=\"img\" ><\/div>\n\t\t\t\t\t\t\t\t\t\t\t<div class=\"elementor-gallery-item__overlay\"><\/div>\n\t\t\t\t\t\t\t\t\t\t\t\t\t\t<\/a>\n\t\t\t\t\t\t\t<a class=\"e-gallery-item elementor-gallery-item elementor-animated-content\" href=\"https:\/\/www.maritimbarcelona.org\/wp-content\/uploads\/2023\/10\/DSC9140-scaled.jpg\" data-elementor-open-lightbox=\"yes\" data-elementor-lightbox-slideshow=\"431f3a1\" data-elementor-lightbox-title=\"_DSC9140\" data-e-action-hash=\"#elementor-action%3Aaction%3Dlightbox%26settings%3DeyJpZCI6MTE3NTcsInVybCI6Imh0dHBzOlwvXC93d3cubWFyaXRpbWJhcmNlbG9uYS5vcmdcL3dwLWNvbnRlbnRcL3VwbG9hZHNcLzIwMjNcLzEwXC9EU0M5MTQwLXNjYWxlZC5qcGciLCJzbGlkZXNob3ciOiI0MzFmM2ExIn0%3D\">\n\t\t\t\t\t<div class=\"e-gallery-image elementor-gallery-item__image\" data-thumbnail=\"https:\/\/www.maritimbarcelona.org\/wp-content\/uploads\/2023\/10\/DSC9140-300x200.jpg\" data-width=\"300\" data-height=\"200\" aria-label=\"\" role=\"img\" ><\/div>\n\t\t\t\t\t\t\t\t\t\t\t<div class=\"elementor-gallery-item__overlay\"><\/div>\n\t\t\t\t\t\t\t\t\t\t\t\t\t\t<\/a>\n\t\t\t\t\t\t\t<a class=\"e-gallery-item elementor-gallery-item elementor-animated-content\" href=\"https:\/\/www.maritimbarcelona.org\/wp-content\/uploads\/2023\/10\/DSC6962-scaled.jpg\" data-elementor-open-lightbox=\"yes\" data-elementor-lightbox-slideshow=\"431f3a1\" data-elementor-lightbox-title=\"_DSC6962\" data-e-action-hash=\"#elementor-action%3Aaction%3Dlightbox%26settings%3DeyJpZCI6MTE3MjUsInVybCI6Imh0dHBzOlwvXC93d3cubWFyaXRpbWJhcmNlbG9uYS5vcmdcL3dwLWNvbnRlbnRcL3VwbG9hZHNcLzIwMjNcLzEwXC9EU0M2OTYyLXNjYWxlZC5qcGciLCJzbGlkZXNob3ciOiI0MzFmM2ExIn0%3D\">\n\t\t\t\t\t<div class=\"e-gallery-image elementor-gallery-item__image\" data-thumbnail=\"https:\/\/www.maritimbarcelona.org\/wp-content\/uploads\/2023\/10\/DSC6962-300x200.jpg\" data-width=\"300\" data-height=\"200\" aria-label=\"\" role=\"img\" ><\/div>\n\t\t\t\t\t\t\t\t\t\t\t<div class=\"elementor-gallery-item__overlay\"><\/div>\n\t\t\t\t\t\t\t\t\t\t\t\t\t\t<\/a>\n\t\t\t\t\t\t\t<a class=\"e-gallery-item elementor-gallery-item elementor-animated-content\" href=\"https:\/\/www.maritimbarcelona.org\/wp-content\/uploads\/2023\/10\/DSC8891-scaled.jpg\" data-elementor-open-lightbox=\"yes\" data-elementor-lightbox-slideshow=\"431f3a1\" data-elementor-lightbox-title=\"_DSC8891\" data-e-action-hash=\"#elementor-action%3Aaction%3Dlightbox%26settings%3DeyJpZCI6MTE3MzMsInVybCI6Imh0dHBzOlwvXC93d3cubWFyaXRpbWJhcmNlbG9uYS5vcmdcL3dwLWNvbnRlbnRcL3VwbG9hZHNcLzIwMjNcLzEwXC9EU0M4ODkxLXNjYWxlZC5qcGciLCJzbGlkZXNob3ciOiI0MzFmM2ExIn0%3D\">\n\t\t\t\t\t<div class=\"e-gallery-image elementor-gallery-item__image\" data-thumbnail=\"https:\/\/www.maritimbarcelona.org\/wp-content\/uploads\/2023\/10\/DSC8891-300x200.jpg\" data-width=\"300\" data-height=\"200\" aria-label=\"\" role=\"img\" ><\/div>\n\t\t\t\t\t\t\t\t\t\t\t<div class=\"elementor-gallery-item__overlay\"><\/div>\n\t\t\t\t\t\t\t\t\t\t\t\t\t\t<\/a>\n\t\t\t\t\t\t\t<a class=\"e-gallery-item elementor-gallery-item elementor-animated-content\" href=\"https:\/\/www.maritimbarcelona.org\/wp-content\/uploads\/2023\/10\/DSC6864-scaled.jpg\" data-elementor-open-lightbox=\"yes\" data-elementor-lightbox-slideshow=\"431f3a1\" data-elementor-lightbox-title=\"_DSC6864\" data-e-action-hash=\"#elementor-action%3Aaction%3Dlightbox%26settings%3DeyJpZCI6MTE3MDgsInVybCI6Imh0dHBzOlwvXC93d3cubWFyaXRpbWJhcmNlbG9uYS5vcmdcL3dwLWNvbnRlbnRcL3VwbG9hZHNcLzIwMjNcLzEwXC9EU0M2ODY0LXNjYWxlZC5qcGciLCJzbGlkZXNob3ciOiI0MzFmM2ExIn0%3D\">\n\t\t\t\t\t<div class=\"e-gallery-image elementor-gallery-item__image\" data-thumbnail=\"https:\/\/www.maritimbarcelona.org\/wp-content\/uploads\/2023\/10\/DSC6864-300x200.jpg\" data-width=\"300\" data-height=\"200\" aria-label=\"\" role=\"img\" ><\/div>\n\t\t\t\t\t\t\t\t\t\t\t<div class=\"elementor-gallery-item__overlay\"><\/div>\n\t\t\t\t\t\t\t\t\t\t\t\t\t\t<\/a>\n\t\t\t\t\t<\/div>\n\t\t\t\t\t<\/div>\n\t\t\t\t<\/div>\n\t\t\t\t\t<\/div>\n\t\t<\/div>\n\t\t\t\t\t<\/div>\n\t\t<\/section>\n\t\t\t\t<\/div>\n\t\t","protected":false},"excerpt":{"rendered":"<p>La Regata Mar\u00edtim-S\u00f3ller organizada por el Real Club Mar\u00edtimo de Barcelona con la colaboraci\u00f3n de la Federaci\u00f3n Catalana de Vela se ha celebrado durante estos d\u00edas con unas condiciones muy especiales debido al poco (o nada) viento durante la mayor parte de la regata. El jueves por la ma\u00f1ana se respiraba un ambiente en el [&hellip;]<\/p>\n","protected":false},"author":9,"featured_media":11684,"comment_status":"closed","ping_status":"closed","sticky":false,"template":"","format":"standard","meta":{"footnotes":""},"categories":[59],"tags":[],"class_list":["post-11762","post","type-post","status-publish","format-standard","has-post-thumbnail","hentry","category-sin-categorizar"],"_links":{"self":[{"href":"https:\/\/www.maritimbarcelona.org\/es\/wp-json\/wp\/v2\/posts\/11762","targetHints":{"allow":["GET"]}}],"collection":[{"href":"https:\/\/www.maritimbarcelona.org\/es\/wp-json\/wp\/v2\/posts"}],"about":[{"href":"https:\/\/www.maritimbarcelona.org\/es\/wp-json\/wp\/v2\/types\/post"}],"author":[{"embeddable":true,"href":"https:\/\/www.maritimbarcelona.org\/es\/wp-json\/wp\/v2\/users\/9"}],"replies":[{"embeddable":true,"href":"https:\/\/www.maritimbarcelona.org\/es\/wp-json\/wp\/v2\/comments?post=11762"}],"version-history":[{"count":1,"href":"https:\/\/www.maritimbarcelona.org\/es\/wp-json\/wp\/v2\/posts\/11762\/revisions"}],"predecessor-version":[{"id":11763,"href":"https:\/\/www.maritimbarcelona.org\/es\/wp-json\/wp\/v2\/posts\/11762\/revisions\/11763"}],"wp:featuredmedia":[{"embeddable":true,"href":"https:\/\/www.maritimbarcelona.org\/es\/wp-json\/wp\/v2\/media\/11684"}],"wp:attachment":[{"href":"https:\/\/www.maritimbarcelona.org\/es\/wp-json\/wp\/v2\/media?parent=11762"}],"wp:term":[{"taxonomy":"category","embeddable":true,"href":"https:\/\/www.maritimbarcelona.org\/es\/wp-json\/wp\/v2\/categories?post=11762"},{"taxonomy":"post_tag","embeddable":true,"href":"https:\/\/www.maritimbarcelona.org\/es\/wp-json\/wp\/v2\/tags?post=11762"}],"curies":[{"name":"wp","href":"https:\/\/api.w.org\/{rel}","templated":true}]}}