{"id":10473,"date":"2023-02-09T15:05:00","date_gmt":"2023-02-09T14:05:00","guid":{"rendered":"https:\/\/www.maritimbarcelona.org\/el-maritimo-entidad-centenaria-reconocida-por-el-ayuntamiento-de-barcelona\/"},"modified":"2023-02-09T15:05:00","modified_gmt":"2023-02-09T14:05:00","slug":"el-maritimo-entidad-centenaria-reconocida-por-el-ayuntamiento-de-barcelona","status":"publish","type":"post","link":"https:\/\/www.maritimbarcelona.org\/es\/el-maritimo-entidad-centenaria-reconocida-por-el-ayuntamiento-de-barcelona\/","title":{"rendered":"El Mar\u00edtimo, entidad centenaria reconocida por el Ayuntamiento de Barcelona"},"content":{"rendered":"\t\t<div data-elementor-type=\"wp-post\" data-elementor-id=\"10473\" class=\"elementor elementor-10473 elementor-10443\" data-elementor-post-type=\"post\">\n\t\t\t\t\t\t<section class=\"ob-is-breaking-bad elementor-section elementor-top-section elementor-element elementor-element-54c6cf4e elementor-section-boxed elementor-section-height-default elementor-section-height-default\" data-id=\"54c6cf4e\" data-element_type=\"section\" data-e-type=\"section\" data-settings=\"{&quot;_ob_bbad_use_it&quot;:&quot;yes&quot;,&quot;_ob_bbad_sssic_use&quot;:&quot;no&quot;,&quot;_ob_glider_is_slider&quot;:&quot;no&quot;}\">\n\t\t\t\t\t\t<div class=\"elementor-container elementor-column-gap-default\">\n\t\t\t\t\t<div class=\"elementor-column elementor-col-100 elementor-top-column elementor-element elementor-element-764510a2\" data-id=\"764510a2\" data-element_type=\"column\" data-e-type=\"column\" data-settings=\"{&quot;_ob_bbad_is_stalker&quot;:&quot;no&quot;,&quot;_ob_teleporter_use&quot;:false,&quot;_ob_column_hoveranimator&quot;:&quot;no&quot;,&quot;_ob_column_has_pseudo&quot;:&quot;no&quot;}\">\n\t\t\t<div class=\"elementor-widget-wrap elementor-element-populated\">\n\t\t\t\t\t\t<div class=\"elementor-element elementor-element-231237e5 ob-harakiri-inherit ob-has-background-overlay elementor-widget elementor-widget-text-editor\" data-id=\"231237e5\" data-element_type=\"widget\" data-e-type=\"widget\" data-settings=\"{&quot;_ob_use_harakiri&quot;:&quot;yes&quot;,&quot;_ob_harakiri_writing_mode&quot;:&quot;inherit&quot;,&quot;_ob_postman_use&quot;:&quot;no&quot;,&quot;_ob_perspektive_use&quot;:&quot;no&quot;,&quot;_ob_poopart_use&quot;:&quot;yes&quot;,&quot;_ob_shadough_use&quot;:&quot;no&quot;,&quot;_ob_allow_hoveranimator&quot;:&quot;no&quot;,&quot;_ob_widget_stalker_use&quot;:&quot;no&quot;}\" data-widget_type=\"text-editor.default\">\n\t\t\t\t<div class=\"elementor-widget-container\">\n\t\t\t\t\t\t\t\t\t\n<p>Anoche el Ayuntamiento de Barcelona hizo entrega de la placa y diploma al Real Club Mar\u00edtimo de Barcelona, por su historia, pues se han entregado reconocimientos a 97 entidades centenarias de la ciudad.<\/p>\n\n\n\n<p>El acto se desarroll\u00f3 en el Sal\u00f3 de Cent del Ayuntamiento; y el premio de nuestra entidad lo recogi\u00f3 el presidente del Mar\u00edtim, Miquel Delcl\u00f3s. Al finalizar, los representantes del RCMB, junto con otros clubs, hicieron un brindis en el Patio del Ayuntamiento para celebrar el reconocimiento.<\/p>\n\n\n\n<p>Este tipos de distinciones dan m\u00e1s m\u00e9rito a la trayectoria y la historia de nuestra entidad, siendo una pieza clave en el desarrollo de la actividad deportiva, concretamente de la n\u00e1utica, en Catalu\u00f1a.<\/p>\n\n\n\n<p><br>Muchas gracias, al Ayuntamiento, por valorarlo ya todos los socios y socias del Club por hacerlo posible.<\/p>\n\n\n\n<p><\/p>\n\t\t\t\t\t\t\t\t<\/div>\n\t\t\t\t<\/div>\n\t\t\t\t\t<\/div>\n\t\t<\/div>\n\t\t\t\t\t<\/div>\n\t\t<\/section>\n\t\t\t\t<section class=\"ob-is-breaking-bad elementor-section elementor-top-section elementor-element elementor-element-5b00436 elementor-section-boxed elementor-section-height-default elementor-section-height-default\" data-id=\"5b00436\" data-element_type=\"section\" data-e-type=\"section\" data-settings=\"{&quot;_ob_bbad_use_it&quot;:&quot;yes&quot;,&quot;_ob_bbad_sssic_use&quot;:&quot;no&quot;,&quot;_ob_glider_is_slider&quot;:&quot;no&quot;}\">\n\t\t\t\t\t\t<div class=\"elementor-container elementor-column-gap-default\">\n\t\t\t\t\t<div class=\"elementor-column elementor-col-100 elementor-top-column elementor-element elementor-element-de6fbe1\" data-id=\"de6fbe1\" data-element_type=\"column\" data-e-type=\"column\" data-settings=\"{&quot;_ob_bbad_is_stalker&quot;:&quot;no&quot;,&quot;_ob_teleporter_use&quot;:false,&quot;_ob_column_hoveranimator&quot;:&quot;no&quot;,&quot;_ob_column_has_pseudo&quot;:&quot;no&quot;}\">\n\t\t\t<div class=\"elementor-widget-wrap\">\n\t\t\t\t\t\t\t<\/div>\n\t\t<\/div>\n\t\t\t\t\t<\/div>\n\t\t<\/section>\n\t\t\t\t<section class=\"ob-is-breaking-bad elementor-section elementor-top-section elementor-element elementor-element-b7cece2 elementor-section-boxed elementor-section-height-default elementor-section-height-default\" data-id=\"b7cece2\" data-element_type=\"section\" data-e-type=\"section\" data-settings=\"{&quot;_ob_bbad_use_it&quot;:&quot;yes&quot;,&quot;_ob_bbad_sssic_use&quot;:&quot;no&quot;,&quot;_ob_glider_is_slider&quot;:&quot;no&quot;}\">\n\t\t\t\t\t\t<div class=\"elementor-container elementor-column-gap-default\">\n\t\t\t\t\t<div class=\"elementor-column elementor-col-50 elementor-top-column elementor-element elementor-element-dbfd5eb\" data-id=\"dbfd5eb\" data-element_type=\"column\" data-e-type=\"column\" data-settings=\"{&quot;_ob_bbad_is_stalker&quot;:&quot;no&quot;,&quot;_ob_teleporter_use&quot;:false,&quot;_ob_column_hoveranimator&quot;:&quot;no&quot;,&quot;_ob_column_has_pseudo&quot;:&quot;no&quot;}\">\n\t\t\t<div class=\"elementor-widget-wrap elementor-element-populated\">\n\t\t\t\t\t\t<div class=\"elementor-element elementor-element-53d6de9 ob-has-background-overlay elementor-widget elementor-widget-image\" data-id=\"53d6de9\" data-element_type=\"widget\" data-e-type=\"widget\" data-settings=\"{&quot;_ob_photomorph_use&quot;:&quot;no&quot;,&quot;_ob_perspektive_use&quot;:&quot;no&quot;,&quot;_ob_poopart_use&quot;:&quot;yes&quot;,&quot;_ob_shadough_use&quot;:&quot;no&quot;,&quot;_ob_allow_hoveranimator&quot;:&quot;no&quot;,&quot;_ob_widget_stalker_use&quot;:&quot;no&quot;}\" data-widget_type=\"image.default\">\n\t\t\t\t<div class=\"elementor-widget-container\">\n\t\t\t\t\t\t\t\t\t\t\t\t\t\t\t<img fetchpriority=\"high\" decoding=\"async\" width=\"800\" height=\"450\" src=\"https:\/\/www.maritimbarcelona.org\/wp-content\/uploads\/2023\/02\/WhatsApp-Image-2023-02-09-at-14.44.51-2-1024x576.jpeg\" class=\"attachment-large size-large wp-image-10453\" alt=\"\" srcset=\"https:\/\/www.maritimbarcelona.org\/wp-content\/uploads\/2023\/02\/WhatsApp-Image-2023-02-09-at-14.44.51-2-1024x576.jpeg 1024w, https:\/\/www.maritimbarcelona.org\/wp-content\/uploads\/2023\/02\/WhatsApp-Image-2023-02-09-at-14.44.51-2-300x169.jpeg 300w, https:\/\/www.maritimbarcelona.org\/wp-content\/uploads\/2023\/02\/WhatsApp-Image-2023-02-09-at-14.44.51-2-768x432.jpeg 768w, https:\/\/www.maritimbarcelona.org\/wp-content\/uploads\/2023\/02\/WhatsApp-Image-2023-02-09-at-14.44.51-2-1536x864.jpeg 1536w, https:\/\/www.maritimbarcelona.org\/wp-content\/uploads\/2023\/02\/WhatsApp-Image-2023-02-09-at-14.44.51-2-1320x743.jpeg 1320w, https:\/\/www.maritimbarcelona.org\/wp-content\/uploads\/2023\/02\/WhatsApp-Image-2023-02-09-at-14.44.51-2.jpeg 2000w\" sizes=\"(max-width: 800px) 100vw, 800px\" \/>\t\t\t\t\t\t\t\t\t\t\t\t\t\t\t<\/div>\n\t\t\t\t<\/div>\n\t\t\t\t\t<\/div>\n\t\t<\/div>\n\t\t\t\t<div class=\"elementor-column elementor-col-50 elementor-top-column elementor-element elementor-element-89851da\" data-id=\"89851da\" data-element_type=\"column\" data-e-type=\"column\" data-settings=\"{&quot;_ob_bbad_is_stalker&quot;:&quot;no&quot;,&quot;_ob_teleporter_use&quot;:false,&quot;_ob_column_hoveranimator&quot;:&quot;no&quot;,&quot;_ob_column_has_pseudo&quot;:&quot;no&quot;}\">\n\t\t\t<div class=\"elementor-widget-wrap elementor-element-populated\">\n\t\t\t\t\t\t<div class=\"elementor-element elementor-element-e08be59 ob-has-background-overlay elementor-widget elementor-widget-image\" data-id=\"e08be59\" data-element_type=\"widget\" data-e-type=\"widget\" data-settings=\"{&quot;_ob_photomorph_use&quot;:&quot;no&quot;,&quot;_ob_perspektive_use&quot;:&quot;no&quot;,&quot;_ob_poopart_use&quot;:&quot;yes&quot;,&quot;_ob_shadough_use&quot;:&quot;no&quot;,&quot;_ob_allow_hoveranimator&quot;:&quot;no&quot;,&quot;_ob_widget_stalker_use&quot;:&quot;no&quot;}\" data-widget_type=\"image.default\">\n\t\t\t\t<div class=\"elementor-widget-container\">\n\t\t\t\t\t\t\t\t\t\t\t\t\t\t\t<img decoding=\"async\" width=\"800\" height=\"633\" src=\"https:\/\/www.maritimbarcelona.org\/wp-content\/uploads\/2023\/02\/lhkjhfg-1024x810.jpg\" class=\"attachment-large size-large wp-image-10469\" alt=\"\" srcset=\"https:\/\/www.maritimbarcelona.org\/wp-content\/uploads\/2023\/02\/lhkjhfg-1024x810.jpg 1024w, https:\/\/www.maritimbarcelona.org\/wp-content\/uploads\/2023\/02\/lhkjhfg-300x237.jpg 300w, https:\/\/www.maritimbarcelona.org\/wp-content\/uploads\/2023\/02\/lhkjhfg-768x608.jpg 768w, https:\/\/www.maritimbarcelona.org\/wp-content\/uploads\/2023\/02\/lhkjhfg.jpg 1111w\" sizes=\"(max-width: 800px) 100vw, 800px\" \/>\t\t\t\t\t\t\t\t\t\t\t\t\t\t\t<\/div>\n\t\t\t\t<\/div>\n\t\t\t\t\t<\/div>\n\t\t<\/div>\n\t\t\t\t\t<\/div>\n\t\t<\/section>\n\t\t\t\t<\/div>\n\t\t","protected":false},"excerpt":{"rendered":"<p>Anoche el Ayuntamiento de Barcelona hizo entrega de la placa y diploma al Real Club Mar\u00edtimo de Barcelona, por su historia, pues se han entregado reconocimientos a 97 entidades centenarias de la ciudad. El acto se desarroll\u00f3 en el Sal\u00f3 de Cent del Ayuntamiento; y el premio de nuestra entidad lo recogi\u00f3 el presidente del [&hellip;]<\/p>\n","protected":false},"author":9,"featured_media":10503,"comment_status":"open","ping_status":"open","sticky":false,"template":"","format":"standard","meta":{"footnotes":""},"categories":[190,103,97],"tags":[],"class_list":["post-10473","post","type-post","status-publish","format-standard","has-post-thumbnail","hentry","category-club-es","category-destacadas","category-noticias"],"_links":{"self":[{"href":"https:\/\/www.maritimbarcelona.org\/es\/wp-json\/wp\/v2\/posts\/10473","targetHints":{"allow":["GET"]}}],"collection":[{"href":"https:\/\/www.maritimbarcelona.org\/es\/wp-json\/wp\/v2\/posts"}],"about":[{"href":"https:\/\/www.maritimbarcelona.org\/es\/wp-json\/wp\/v2\/types\/post"}],"author":[{"embeddable":true,"href":"https:\/\/www.maritimbarcelona.org\/es\/wp-json\/wp\/v2\/users\/9"}],"replies":[{"embeddable":true,"href":"https:\/\/www.maritimbarcelona.org\/es\/wp-json\/wp\/v2\/comments?post=10473"}],"version-history":[{"count":1,"href":"https:\/\/www.maritimbarcelona.org\/es\/wp-json\/wp\/v2\/posts\/10473\/revisions"}],"predecessor-version":[{"id":10474,"href":"https:\/\/www.maritimbarcelona.org\/es\/wp-json\/wp\/v2\/posts\/10473\/revisions\/10474"}],"wp:featuredmedia":[{"embeddable":true,"href":"https:\/\/www.maritimbarcelona.org\/es\/wp-json\/wp\/v2\/media\/10503"}],"wp:attachment":[{"href":"https:\/\/www.maritimbarcelona.org\/es\/wp-json\/wp\/v2\/media?parent=10473"}],"wp:term":[{"taxonomy":"category","embeddable":true,"href":"https:\/\/www.maritimbarcelona.org\/es\/wp-json\/wp\/v2\/categories?post=10473"},{"taxonomy":"post_tag","embeddable":true,"href":"https:\/\/www.maritimbarcelona.org\/es\/wp-json\/wp\/v2\/tags?post=10473"}],"curies":[{"name":"wp","href":"https:\/\/api.w.org\/{rel}","templated":true}]}}