{"id":10384,"date":"2023-02-03T11:04:01","date_gmt":"2023-02-03T10:04:01","guid":{"rendered":"https:\/\/www.maritimbarcelona.org\/el-maritim-unit-al-programa-viu-la-vela\/"},"modified":"2023-02-03T11:04:01","modified_gmt":"2023-02-03T10:04:01","slug":"el-maritim-unit-al-programa-viu-la-vela","status":"publish","type":"post","link":"https:\/\/www.maritimbarcelona.org\/es\/el-maritim-unit-al-programa-viu-la-vela\/","title":{"rendered":"El Mar\u00edtim, unit al programa \u00abViu la Vela\u00bb"},"content":{"rendered":"\n<p>Ahir es va signar el protocol d&#8217;intencions del programa organitzat per l&#8217;Ajuntament de Barcelona \u00abViu la Vela\u00bb. Una iniciativa que t\u00e9 com a objectiu transmetre els valors de la vela, i la riquesa natural del medi aqu\u00e0tic a tots els centres educatius de la ciutat.<\/p>\n\n\n\n<p>El Reial Club Mar\u00edtim de Barcelona dona suport a aquesta experi\u00e8ncia sent un dels Clubs que hi participa (juntament amb el N\u00e0utic de Barcelona, el Nataci\u00f3 Barcelona, el BISC) i la Federaci\u00f3 Catalana de Vela.<\/p>\n\n\n\n<p>\u00abViu la Vela\u00bb t\u00e9 una gran import\u00e0ncia per la ciutat comtal i concretament pel nostre medi, l&#8217;aqu\u00e0tic, ja que s&#8217;ha organitzat estrat\u00e8gicament de forma pr\u00e8via a la Copa Am\u00e8rica cercant f\u00f3rmules esportives, socials educatives i inclusives.<\/p>\n\n\n\n<p>David Escud\u00e9, regidor d&#8217;esports de l&#8217;Ajuntament de Barcelona, ha agra\u00eft a tots els clubs, incloent-hi en el Mar\u00edtim, considerant-nos com a \u00abimprescindibles\u00bb per fer realitat el projecte tan important per construir una Barcelona \u00abencarada al mar\u00bb.<\/p>\n\n\n\n<p>En el programa hi participaran 17.000 alumnes de sis\u00e8 de prim\u00e0ria de 327 escoles i 23 centres d&#8217;educaci\u00f3 especial; i pel RCMB \u00e9s un repte formar-hi part i a la vegada una satisfacci\u00f3 apropar la vela als m\u00e9s joves.<\/p>\n","protected":false},"excerpt":{"rendered":"<p>Ahir es va signar el protocol d&#8217;intencions del programa organitzat per l&#8217;Ajuntament de Barcelona \u00abViu la Vela\u00bb. Una iniciativa que t\u00e9 com a objectiu transmetre els valors de la vela, i la riquesa natural del medi aqu\u00e0tic a tots els centres educatius de la ciutat. El Reial Club Mar\u00edtim de Barcelona dona suport a aquesta [&hellip;]<\/p>\n","protected":false},"author":9,"featured_media":10382,"comment_status":"open","ping_status":"open","sticky":false,"template":"","format":"standard","meta":{"footnotes":""},"categories":[59],"tags":[],"class_list":["post-10384","post","type-post","status-publish","format-standard","has-post-thumbnail","hentry","category-sin-categorizar"],"_links":{"self":[{"href":"https:\/\/www.maritimbarcelona.org\/es\/wp-json\/wp\/v2\/posts\/10384","targetHints":{"allow":["GET"]}}],"collection":[{"href":"https:\/\/www.maritimbarcelona.org\/es\/wp-json\/wp\/v2\/posts"}],"about":[{"href":"https:\/\/www.maritimbarcelona.org\/es\/wp-json\/wp\/v2\/types\/post"}],"author":[{"embeddable":true,"href":"https:\/\/www.maritimbarcelona.org\/es\/wp-json\/wp\/v2\/users\/9"}],"replies":[{"embeddable":true,"href":"https:\/\/www.maritimbarcelona.org\/es\/wp-json\/wp\/v2\/comments?post=10384"}],"version-history":[{"count":0,"href":"https:\/\/www.maritimbarcelona.org\/es\/wp-json\/wp\/v2\/posts\/10384\/revisions"}],"wp:featuredmedia":[{"embeddable":true,"href":"https:\/\/www.maritimbarcelona.org\/es\/wp-json\/wp\/v2\/media\/10382"}],"wp:attachment":[{"href":"https:\/\/www.maritimbarcelona.org\/es\/wp-json\/wp\/v2\/media?parent=10384"}],"wp:term":[{"taxonomy":"category","embeddable":true,"href":"https:\/\/www.maritimbarcelona.org\/es\/wp-json\/wp\/v2\/categories?post=10384"},{"taxonomy":"post_tag","embeddable":true,"href":"https:\/\/www.maritimbarcelona.org\/es\/wp-json\/wp\/v2\/tags?post=10384"}],"curies":[{"name":"wp","href":"https:\/\/api.w.org\/{rel}","templated":true}]}}